{"id":537,"date":"2026-01-23T14:45:32","date_gmt":"2026-01-23T14:45:32","guid":{"rendered":"https:\/\/www.cycle-sport.de\/velo\/?p=537"},"modified":"2026-01-23T14:45:36","modified_gmt":"2026-01-23T14:45:36","slug":"simplon-rapcon-pinion","status":"publish","type":"post","link":"https:\/\/www.cycle-sport.de\/velo\/2026\/01\/simplon-rapcon-pinion\/","title":{"rendered":"Simplon Rapcon Pinion"},"content":{"rendered":"\n<p>Heute neu eingetroffen!<\/p>\n\n\n\n<figure class=\"wp-block-image size-large\"><img loading=\"lazy\" decoding=\"async\" width=\"1024\" height=\"683\" src=\"https:\/\/www.cycle-sport.de\/velo\/wp-content\/uploads\/2026\/01\/Rapcon_Pinion_steelblue-1024x683.png\" alt=\"\" class=\"wp-image-538\" srcset=\"https:\/\/www.cycle-sport.de\/velo\/wp-content\/uploads\/2026\/01\/Rapcon_Pinion_steelblue-1024x683.png 1024w, https:\/\/www.cycle-sport.de\/velo\/wp-content\/uploads\/2026\/01\/Rapcon_Pinion_steelblue-300x200.png 300w, https:\/\/www.cycle-sport.de\/velo\/wp-content\/uploads\/2026\/01\/Rapcon_Pinion_steelblue-768x512.png 768w, https:\/\/www.cycle-sport.de\/velo\/wp-content\/uploads\/2026\/01\/Rapcon_Pinion_steelblue-1536x1024.png 1536w, https:\/\/www.cycle-sport.de\/velo\/wp-content\/uploads\/2026\/01\/Rapcon_Pinion_steelblue-830x553.png 830w, https:\/\/www.cycle-sport.de\/velo\/wp-content\/uploads\/2026\/01\/Rapcon_Pinion_steelblue-230x153.png 230w, https:\/\/www.cycle-sport.de\/velo\/wp-content\/uploads\/2026\/01\/Rapcon_Pinion_steelblue-350x233.png 350w, https:\/\/www.cycle-sport.de\/velo\/wp-content\/uploads\/2026\/01\/Rapcon_Pinion_steelblue-480x320.png 480w, https:\/\/www.cycle-sport.de\/velo\/wp-content\/uploads\/2026\/01\/Rapcon_Pinion_steelblue.png 1920w\" sizes=\"auto, (max-width: 1024px) 100vw, 1024px\" \/><\/figure>\n\n\n\n<p>The future is now! Das RAPCON :ePinion l\u00e4utet eine neue \u00c4ra von E-MTBs ein und stellt alles bis dato Dagewesene in den Schatten. Der revolution\u00e4re PINION-Antrieb kombiniert Motor und Getriebe in einem Geh\u00e4use und macht damit anf\u00e4llige Kettenschaltungen \u00fcberfl\u00fcssig. Zudem liegt der Schwerpunkt dieses Systems zentraler denn je. In Kombination mit dem w\u00e4hlbaren Fahrwerk mit Mullet-Option und 160\/170 oder 160\/160 mm Federweg m\u00fcndet das in einer unschlagbaren Fahrperformance. Die flexible Akku-Range mit bis zu 1495 Wh l\u00e4sst das Bike zum ausdauernden Gipfelst\u00fcrmer mutieren.<\/p>\n","protected":false},"excerpt":{"rendered":"<p>Heute neu eingetroffen! The future is now! Das RAPCON :ePinion l\u00e4utet eine neue \u00c4ra von E-MTBs ein und stellt alles bis dato Dagewesene in den Schatten. Der revolution\u00e4re PINION-Antrieb kombiniert Motor und Getriebe in einem Geh\u00e4use und macht damit anf\u00e4llige Kettenschaltungen \u00fcberfl\u00fcssig. Zudem liegt der Schwerpunkt dieses Systems zentraler denn je. In Kombination mit dem [&hellip;]<\/p>\n","protected":false},"author":3,"featured_media":0,"comment_status":"closed","ping_status":"open","sticky":false,"template":"","format":"standard","meta":{"ngg_post_thumbnail":0,"footnotes":""},"categories":[1],"tags":[],"class_list":["post-537","post","type-post","status-publish","format-standard","hentry","category-uncategorized"],"_links":{"self":[{"href":"https:\/\/www.cycle-sport.de\/velo\/wp-json\/wp\/v2\/posts\/537","targetHints":{"allow":["GET"]}}],"collection":[{"href":"https:\/\/www.cycle-sport.de\/velo\/wp-json\/wp\/v2\/posts"}],"about":[{"href":"https:\/\/www.cycle-sport.de\/velo\/wp-json\/wp\/v2\/types\/post"}],"author":[{"embeddable":true,"href":"https:\/\/www.cycle-sport.de\/velo\/wp-json\/wp\/v2\/users\/3"}],"replies":[{"embeddable":true,"href":"https:\/\/www.cycle-sport.de\/velo\/wp-json\/wp\/v2\/comments?post=537"}],"version-history":[{"count":3,"href":"https:\/\/www.cycle-sport.de\/velo\/wp-json\/wp\/v2\/posts\/537\/revisions"}],"predecessor-version":[{"id":541,"href":"https:\/\/www.cycle-sport.de\/velo\/wp-json\/wp\/v2\/posts\/537\/revisions\/541"}],"wp:attachment":[{"href":"https:\/\/www.cycle-sport.de\/velo\/wp-json\/wp\/v2\/media?parent=537"}],"wp:term":[{"taxonomy":"category","embeddable":true,"href":"https:\/\/www.cycle-sport.de\/velo\/wp-json\/wp\/v2\/categories?post=537"},{"taxonomy":"post_tag","embeddable":true,"href":"https:\/\/www.cycle-sport.de\/velo\/wp-json\/wp\/v2\/tags?post=537"}],"curies":[{"name":"wp","href":"https:\/\/api.w.org\/{rel}","templated":true}]}}